{"id":27372,"date":"2024-09-10T23:00:25","date_gmt":"2024-09-10T20:00:25","guid":{"rendered":"https:\/\/lindenclinics.com\/nutritia-in-autism-abordari-stiintifice-si-recomandari\/"},"modified":"2024-10-09T21:00:32","modified_gmt":"2024-10-09T18:00:32","slug":"nutritia-in-autism-abordari-stiintifice-si-recomandari","status":"publish","type":"post","link":"https:\/\/lindenclinics.com\/ro\/nutritia-in-autism-abordari-stiintifice-si-recomandari\/","title":{"rendered":"Nutri\u021bia \u00een autism: Abord\u0103ri \u0219tiin\u021bifice \u0219i recomand\u0103ri"},"content":{"rendered":"\n<h3 class=\"wp-block-heading\">Introducere<\/h3>\n\n<p>\u00cen ceea ce prive\u0219te tulbur\u0103rile din spectrul <strong><a href=\"\/?page_id=17426\">autist<\/a><\/strong> (TSA), rolul alimenta\u021biei st\u00e2rne\u0219te adesea un interes \u0219i dezbateri intense \u00een r\u00e2ndul p\u0103rin\u021bilor, \u00eengrijitorilor \u0219i cercet\u0103torilor deopotriv\u0103. De\u0219i autismul este \u00een primul r\u00e2nd o afec\u021biune de neurodezvoltare, tot mai multe dovezi sugereaz\u0103 c\u0103 interven\u021biile dietetice pot juca un rol semnificativ \u00een gestionarea simptomelor \u0219i \u00eembun\u0103t\u0103\u021birea bun\u0103st\u0103rii generale. \u00cen acest articol, vom explora cele mai recente descoperiri \u0219tiin\u021bifice privind autismul \u0219i nutri\u021bia, oferind perspective \u0219i recomand\u0103ri practice pentru familiile care navigheaz\u0103 \u00een acest peisaj complex.  <\/p>\n\n<h3 class=\"wp-block-heading\">\u00cen\u021belegerea leg\u0103turii autism-nutri\u021bie<\/h3>\n\n<p>Axa intestin-creier: Cercet\u0103rile recente au pus \u00een lumin\u0103 leg\u0103tura complex\u0103 dintre intestin \u0219i creier, cunoscut\u0103 sub numele de axa intestin-creier. Aceast\u0103 rela\u021bie este deosebit de relevant\u0103 \u00een cazul autismului, deoarece multe persoane cu TSA prezint\u0103 probleme gastrointestinale \u00een paralel cu simptomele neurologice. <\/p>\n\n<p>Deficien\u021bele nutri\u021bionale \u0219i autismul: Studiile au ar\u0103tat c\u0103 unii copii cu autism pot avea deficien\u021be nutri\u021bionale specifice. \u00cen\u021belegerea \u0219i abordarea acestor deficien\u021be ar putea avea un impact poten\u021bial at\u00e2t asupra s\u0103n\u0103t\u0103\u021bii fizice, c\u00e2t \u0219i asupra simptomelor comportamentale. <\/p>\n\n<h3 class=\"wp-block-heading\">Abord\u0103ri nutri\u021bionale cheie \u00een autism<\/h3>\n\n<ul class=\"wp-block-list\">\n<li>Dieta f\u0103r\u0103 gluten \u0219i f\u0103r\u0103 cazein\u0103 (GFCF &#8211; Gluten-Free, Casein-Free): Una dintre cele mai discutate interven\u021bii dietetice pentru autism este dieta GFCF. De\u0219i rezultatele cercet\u0103rilor sunt mixte, unele familii raporteaz\u0103 \u00eembun\u0103t\u0103\u021biri ale comportamentului \u0219i comunic\u0103rii atunci c\u00e2nd elimin\u0103 glutenul \u0219i cazeina din alimenta\u021bia copilului lor. <\/li>\n\n\n\n<li>Suplimentarea cu acizi gra\u0219i Omega-3: Acizii gra\u0219i Omega-3, \u00een special DHA, joac\u0103 un rol crucial \u00een dezvoltarea \u0219i func\u021bionarea creierului. Unele studii sugereaz\u0103 c\u0103 suplimentarea cu omega-3 poate contribui la ameliorarea anumitor simptome ale autismului, \u00een special cele legate de hiperactivitate \u0219i comportamente repetitive. <\/li>\n\n\n\n<li>Suplimente de vitamine \u0219i minerale: Cercet\u0103rile au identificat beneficiile poten\u021biale ale anumitor vitamine \u0219i minerale, cum ar fi vitamina D, vitaminele B \u0219i magneziul, \u00een gestionarea simptomelor autismului. Cu toate acestea, este esen\u021bial s\u0103 consulta\u021bi un furnizor de asisten\u021b\u0103 medical\u0103 \u00eenainte de a \u00eencepe orice regim de suplimente. <\/li>\n\n\n\n<li>Probioticele \u0219i s\u0103n\u0103tatea intestinal\u0103: Av\u00e2nd \u00een vedere \u00een\u021belegerea din ce \u00een ce mai bun\u0103 a leg\u0103turii dintre intestin \u0219i creier, probioticele au c\u00e2\u0219tigat aten\u021bie \u00een cercetarea autismului. Unele studii sugereaz\u0103 c\u0103 sus\u021binerea s\u0103n\u0103t\u0103\u021bii intestinale prin probiotice poate avea un impact pozitiv asupra comportamentului \u0219i simptomelor gastrointestinale la persoanele cu TSA. <\/li>\n<\/ul>\n\n<figure class=\"wp-block-image aligncenter size-large\"><img fetchpriority=\"high\" decoding=\"async\" width=\"768\" height=\"1024\" src=\"https:\/\/lindenclinics.com\/wp-content\/uploads\/2024\/09\/Autism-13-768x1024.webp\" alt=\"Interven&#x21B;ii dietetice\" class=\"wp-image-26609\" srcset=\"https:\/\/lindenclinics.com\/wp-content\/uploads\/2024\/09\/Autism-13-768x1024.webp 768w, https:\/\/lindenclinics.com\/wp-content\/uploads\/2024\/09\/Autism-13-225x300.webp 225w, https:\/\/lindenclinics.com\/wp-content\/uploads\/2024\/09\/Autism-13.webp 900w\" sizes=\"(max-width: 768px) 100vw, 768px\" \/><\/figure>\n\n<h3 class=\"wp-block-heading\">Punerea \u00een aplicare a modific\u0103rilor dietetice: Sfaturi practice<\/h3>\n\n<p>Introducere treptat\u0103: Atunci c\u00e2nd lua\u021bi \u00een considerare modific\u0103ri ale regimului alimentar, este important s\u0103 le introduce\u021bi treptat. Schimb\u0103rile bru\u0219te pot fi stresante pentru persoanele cu autism care pot avea sensibilit\u0103\u021bi senzoriale sau preferin\u021be alimentare. <\/p>\n\n<p>Abordare echilibrat\u0103: \u00cen timp ce explora\u021bi interven\u021bii dietetice specifice, este esen\u021bial s\u0103 men\u021bine\u021bi o diet\u0103 echilibrat\u0103 care s\u0103 satisfac\u0103 toate nevoile nutri\u021bionale. Colaborarea cu un dietetician autorizat specializat \u00een autism poate fi extrem de util\u0103. <\/p>\n\n<p>Monitorizare \u0219i documentare: \u021aine\u021bi un jurnal alimentar detaliat \u0219i nota\u021bi orice modific\u0103ri ale comportamentului, ale tiparelor de somn sau ale simptomelor gastrointestinale. Aceste informa\u021bii pot fi valoroase \u00een determinarea eficacit\u0103\u021bii interven\u021biilor dietetice. <\/p>\n\n<h3 class=\"wp-block-heading\">Provoc\u0103ri \u0219i considera\u021bii<\/h3>\n\n<p>M\u00e2ncatul preten\u021bios: Multe persoane cu autism au preferin\u021be alimentare limitate, ceea ce poate face ca schimb\u0103rile alimentare s\u0103 fie o provocare. Abord\u0103rile creative \u0219i r\u0103bdarea sunt adesea necesare atunci c\u00e2nd se introduc alimente noi. <\/p>\n\n<p>Variabilitatea individual\u0103: Este important s\u0103 ne amintim c\u0103 ceea ce func\u021bioneaz\u0103 pentru o persoan\u0103 cu autism poate s\u0103 nu func\u021bioneze pentru alta. Autismul este un spectru, iar nevoile dietetice \u0219i r\u0103spunsurile pot varia foarte mult de la o persoan\u0103 la alta. <\/p>\n\n<h3 class=\"wp-block-heading\">Concluzie<\/h3>\n\n<p>De\u0219i nutri\u021bia nu este un remediu pentru autism, cercet\u0103rile emergente sugereaz\u0103 c\u0103 interven\u021biile dietetice pot juca un rol de sprijin \u00een gestionarea simptomelor \u0219i \u00eembun\u0103t\u0103\u021birea calit\u0103\u021bii vie\u021bii persoanelor cu TSA. Pe m\u0103sur\u0103 ce continu\u0103m s\u0103 deslu\u0219im rela\u021bia complex\u0103 dintre autism \u0219i nutri\u021bie, este esen\u021bial s\u0103 abord\u0103m modific\u0103rile dietetice cu o minte deschis\u0103, cu suport \u0219tiin\u021bific \u0219i cu \u00eendrumare profesional\u0103. <\/p>\n\n<p>Nu uita\u021bi, fiecare persoan\u0103 cu autism este unic\u0103, iar ceea ce func\u021bioneaz\u0103 pentru una poate s\u0103 nu func\u021bioneze pentru alta. Consulta\u021bi-v\u0103 \u00eentotdeauna cu profesioni\u0219tii din domeniul s\u0103n\u0103t\u0103\u021bii \u00eenainte de a face schimb\u0103ri semnificative \u00een dieta copilului dumneavoastr\u0103. Prin combinarea cuno\u0219tin\u021belor \u0219tiin\u021bifice cu \u00eengrijirea individualizat\u0103, putem lucra la optimizarea nutri\u021biei pentru rezultate mai bune \u00een autism.  <\/p>\n\n<p>A\u021bi explorat interven\u021biile dietetice pentru autism? Care a fost experien\u021ba dumneavoastr\u0103? \u00cemp\u0103rt\u0103\u0219i\u021bi-v\u0103 g\u00e2ndurile \u0219i \u00eentreb\u0103rile \u00een comentariile de mai jos &#8211; opiniile dvs. ar putea fi nepre\u021buite pentru alte familii aflate \u00een aceast\u0103 c\u0103l\u0103torie.  <\/p>\n","protected":false},"excerpt":{"rendered":"<p>Introducere \u00cen ceea ce prive\u0219te tulbur\u0103rile din spectrul autist (TSA), rolul alimenta\u021biei st\u00e2rne\u0219te adesea un interes \u0219i dezbateri intense \u00een r\u00e2ndul p\u0103rin\u021bilor, \u00eengrijitorilor \u0219i cercet\u0103torilor deopotriv\u0103. De\u0219i autismul este \u00een primul r\u00e2nd o afec\u021biune de neurodezvoltare, tot mai multe dovezi&#8230;<\/p>\n","protected":false},"author":2,"featured_media":26570,"comment_status":"open","ping_status":"open","sticky":false,"template":"","format":"standard","meta":{"footnotes":""},"categories":[208],"tags":[170],"class_list":["post-27372","post","type-post","status-publish","format-standard","has-post-thumbnail","hentry","category-medicina-regenerativa-c","tag-interventii-dietetice"],"_links":{"self":[{"href":"https:\/\/lindenclinics.com\/ro\/wp-json\/wp\/v2\/posts\/27372","targetHints":{"allow":["GET"]}}],"collection":[{"href":"https:\/\/lindenclinics.com\/ro\/wp-json\/wp\/v2\/posts"}],"about":[{"href":"https:\/\/lindenclinics.com\/ro\/wp-json\/wp\/v2\/types\/post"}],"author":[{"embeddable":true,"href":"https:\/\/lindenclinics.com\/ro\/wp-json\/wp\/v2\/users\/2"}],"replies":[{"embeddable":true,"href":"https:\/\/lindenclinics.com\/ro\/wp-json\/wp\/v2\/comments?post=27372"}],"version-history":[{"count":0,"href":"https:\/\/lindenclinics.com\/ro\/wp-json\/wp\/v2\/posts\/27372\/revisions"}],"wp:featuredmedia":[{"embeddable":true,"href":"https:\/\/lindenclinics.com\/ro\/wp-json\/wp\/v2\/media\/26570"}],"wp:attachment":[{"href":"https:\/\/lindenclinics.com\/ro\/wp-json\/wp\/v2\/media?parent=27372"}],"wp:term":[{"taxonomy":"category","embeddable":true,"href":"https:\/\/lindenclinics.com\/ro\/wp-json\/wp\/v2\/categories?post=27372"},{"taxonomy":"post_tag","embeddable":true,"href":"https:\/\/lindenclinics.com\/ro\/wp-json\/wp\/v2\/tags?post=27372"}],"curies":[{"name":"wp","href":"https:\/\/api.w.org\/{rel}","templated":true}]}}