{"id":28505,"date":"2024-12-08T10:44:11","date_gmt":"2024-12-08T07:44:11","guid":{"rendered":"https:\/\/lindenclinics.com\/autismul-adolescenta-si-crearea-unei-identitati\/"},"modified":"2024-12-08T10:46:18","modified_gmt":"2024-12-08T07:46:18","slug":"autismul-adolescenta-si-crearea-unei-identitati","status":"publish","type":"post","link":"https:\/\/lindenclinics.com\/ro\/autismul-adolescenta-si-crearea-unei-identitati\/","title":{"rendered":"Autismul, adolescen\u021ba \u0219i crearea unei identit\u0103\u021bi"},"content":{"rendered":"\n<p>Adolescen\u021ba este o faz\u0103 transformatoare pentru fiecare individ, marcat\u0103 de descoperirea de sine, cre\u0219terea emo\u021bional\u0103 \u0219i formarea identit\u0103\u021bii. Pentru adolescen\u021bii cu autism, aceast\u0103 c\u0103l\u0103torie vine cu provoc\u0103ri \u0219i oportunit\u0103\u021bi unice. Navigarea \u00een adolescen\u021b\u0103 \u00een timp ce gestiona\u021bi complexitatea autismului necesit\u0103 r\u0103bdare, \u00een\u021belegere \u0219i un mediu de sus\u021binere.  <\/p>\n\n<p>Acest blog analizeaz\u0103 modul \u00een care adolescen\u021bii auti\u0219ti \u00ee\u0219i formeaz\u0103 identitatea, dificult\u0103\u021bile cu care se confrunt\u0103 \u0219i rolul esen\u021bial pe care familiile \u0219i comunit\u0103\u021bile \u00eel joac\u0103 \u00een promovarea unui sentiment pozitiv de sine.<\/p>\n\n<div class=\"wp-block-rank-math-toc-block\" id=\"rank-math-toc\"><h4>Table of Contents<\/h4><nav><ul><li><a href=\"#the-challenges-of-identity-formation-in-autistic-adolescents\">Provoc\u0103rile form\u0103rii identit\u0103\u021bii la adolescen\u021bii auti\u0219ti<\/a><\/li><li><a href=\"#how-families-and-communities-can-help\">Cum pot ajuta familiile \u0219i comunit\u0103\u021bile<\/a><\/li><li><a href=\"#embracing-their-identity\">\u00cembr\u0103\u021bi\u0219area identit\u0103\u021bii lor<\/a><\/li><\/ul><\/nav><\/div>\n\n<h3 class=\"wp-block-heading\" id=\"the-challenges-of-identity-formation-in-autistic-adolescents\"><strong>Provoc\u0103rile form\u0103rii identit\u0103\u021bii la adolescen\u021bii auti\u0219ti<\/strong><\/h3>\n\n<h4 class=\"wp-block-heading\" id=\"social-communication-barriers\"><strong>Bariere de comunicare social\u0103<\/strong><\/h4>\n\n<p>Adolescen\u021bii cu autism se pot confrunta cu dificult\u0103\u021bi \u00een \u00een\u021belegerea semnelor sociale \u0219i \u00een men\u021binerea prieteniilor.<\/p>\n\n<p>Rela\u021biile cu semenii sunt esen\u021biale \u00een timpul adolescen\u021bei, \u00eens\u0103 adolescen\u021bii auti\u0219ti se confrunt\u0103 adesea cu excluderea sau intimidarea.<\/p>\n\n<p>Interac\u021biunile sociale limitate le pot afecta sentimentul de apartenen\u021b\u0103 \u0219i stima de sine.<\/p>\n\n<h4 class=\"wp-block-heading\" id=\"navigating-sensory-and-emotional-sensitivities\"><strong>Navigarea sensibilit\u0103\u021bilor senzoriale \u0219i emo\u021bionale<\/strong><\/h4>\n\n<p>Provoc\u0103rile legate de procesarea senzorial\u0103 se pot accentua \u00een timpul adolescen\u021bei din cauza schimb\u0103rilor hormonale.<\/p>\n\n<p>Reglarea emo\u021bional\u0103 poate fi deosebit de dificil\u0103, duc\u00e2nd la frustrare sau retragere.<\/p>\n\n<p>Adolescen\u021bii se pot confrunta cu dificult\u0103\u021bi \u00een a-\u0219i exprima sentimentele, ceea ce \u00eengreuneaz\u0103 rela\u021bionarea cu ceilal\u021bi.<\/p>\n\n<h4 class=\"wp-block-heading\" id=\"balancing-independence-and-support\"><strong>Echilibrul \u00eentre independen\u021b\u0103 \u0219i sprijin<\/strong><\/h4>\n\n<p>Adolescen\u021bii cu autism \u00ee\u0219i doresc adesea independen\u021ba, dar au nevoie \u00een continuare de \u00eendrumare semnificativ\u0103.<\/p>\n\n<p>Familiile pot \u00eent\u00e2mpina dificult\u0103\u021bi \u00een a g\u0103si echilibrul corect \u00eentre sprijin \u0219i autonomie.<\/p>\n\n<p>\u00cencurajarea responsabilit\u0103\u021bii, oferind \u00een acela\u0219i timp o plas\u0103 de siguran\u021b\u0103, este esen\u021bial\u0103 pentru dezvoltarea unei identit\u0103\u021bi s\u0103n\u0103toase.<\/p>\n\n<h3 class=\"wp-block-heading\" id=\"how-families-and-communities-can-help\"><strong>Cum pot ajuta familiile \u0219i comunit\u0103\u021bile<\/strong><\/h3>\n\n<h4 class=\"wp-block-heading\" id=\"encourage-self-expression\"><strong>\u00cencuraja\u021bi exprimarea de sine<\/strong><\/h4>\n\n<p>Introduce\u021bi activit\u0103\u021bi creative precum arta, muzica sau scrisul pentru a-i ajuta pe adolescen\u021bi s\u0103 se exprime.<\/p>\n\n<p>Oferi\u021bi-le oportunit\u0103\u021bi de a explora hobby-uri \u0219i interese care se aliniaz\u0103 cu punctele lor forte unice.<\/p>\n\n<h4 class=\"wp-block-heading\" id=\"promote-social-opportunities\"><strong>Promote Social Opportunities<\/strong><\/h4>\n\n<p>\u00cencuraja\u021bi leg\u0103turile \u00eentre colegi prin cluburi, programe comunitare sau evenimente dedicate autismului.<\/p>\n\n<p>Preda\u021bi abilit\u0103\u021bi sociale \u00eentr-un cadru sigur, de sus\u021binere, pentru a construi \u00eencrederea \u00een interac\u021biunea cu ceilal\u021bi.<\/p>\n\n<h4 class=\"wp-block-heading\" id=\"validate-their-experiences\"><strong>Valida\u021bi experien\u021bele lor<\/strong><\/h4>\n\n<p>Asculta\u021bi f\u0103r\u0103 s\u0103 judeca\u021bi \u0219i valida\u021bi-le emo\u021biile \u0219i perspectivele.<\/p>\n\n<p>Normaliza\u021bi luptele lor, s\u0103rb\u0103torind \u00een acela\u0219i timp individualitatea \u0219i succesele lor.<\/p>\n\n<h3 class=\"wp-block-heading\" id=\"embracing-their-identity\"><strong>\u00cembr\u0103\u021bi\u0219area identit\u0103\u021bii lor<\/strong><\/h3>\n\n<p>Formarea identit\u0103\u021bii la adolescen\u021bii auti\u0219ti este un proces continuu care necesit\u0103 dragoste, r\u0103bdare \u0219i \u00een\u021belegere. Ei pot vedea lumea diferit, dar perspectivele lor unice sunt punctele lor forte. Familiile \u0219i comunit\u0103\u021bile joac\u0103 un rol crucial \u00een a-i ajuta s\u0103 accepte cine sunt \u0219i s\u0103 aib\u0103 \u00eencredere \u00een abilit\u0103\u021bile lor.  <\/p>\n\n<figure class=\"wp-block-image aligncenter size-full\"><img fetchpriority=\"high\" decoding=\"async\" width=\"572\" height=\"800\" src=\"https:\/\/lindenclinics.com\/wp-content\/uploads\/2024\/12\/stem-cell-autism_20241206_3.webp\" alt=\"Adolescen&#x21B;a\" class=\"wp-image-28498\" srcset=\"https:\/\/lindenclinics.com\/wp-content\/uploads\/2024\/12\/stem-cell-autism_20241206_3.webp 572w, https:\/\/lindenclinics.com\/wp-content\/uploads\/2024\/12\/stem-cell-autism_20241206_3-215x300.webp 215w\" sizes=\"(max-width: 572px) 100vw, 572px\" \/><\/figure>\n\n<p>Concluzie<\/p>\n\n<p>Adolescen\u021ba este o perioad\u0103 crucial\u0103 de cre\u0219tere, iar pentru adolescen\u021bii auti\u0219ti este o oportunitate de a-\u0219i explora poten\u021bialul \u0219i de a-\u0219i defini identitatea. De\u0219i c\u0103l\u0103toria poate include provoc\u0103ri, este, de asemenea, plin\u0103 de posibilit\u0103\u021bi de conectare, creativitate \u0219i autodescoperire. Promov\u00e2nd un mediu de acceptare \u0219i \u00eencurajare, le oferim adolescen\u021bilor auti\u0219ti posibilitatea de a prospera \u0219i de a-\u0219i \u00eembr\u0103\u021bi\u0219a unicitatea.  <\/p>\n","protected":false},"excerpt":{"rendered":"<p>Adolescen\u021ba este o faz\u0103 transformatoare pentru fiecare individ, marcat\u0103 de descoperirea de sine, cre\u0219terea emo\u021bional\u0103 \u0219i formarea identit\u0103\u021bii. Pentru adolescen\u021bii cu autism, aceast\u0103 c\u0103l\u0103torie vine cu provoc\u0103ri \u0219i oportunit\u0103\u021bi unice. Navigarea \u00een adolescen\u021b\u0103 \u00een timp ce gestiona\u021bi complexitatea autismului necesit\u0103&#8230;<\/p>\n","protected":false},"author":2,"featured_media":28495,"comment_status":"open","ping_status":"open","sticky":false,"template":"","format":"standard","meta":{"footnotes":""},"categories":[194],"tags":[],"class_list":["post-28505","post","type-post","status-publish","format-standard","has-post-thumbnail","hentry","category-autism-ro"],"_links":{"self":[{"href":"https:\/\/lindenclinics.com\/ro\/wp-json\/wp\/v2\/posts\/28505","targetHints":{"allow":["GET"]}}],"collection":[{"href":"https:\/\/lindenclinics.com\/ro\/wp-json\/wp\/v2\/posts"}],"about":[{"href":"https:\/\/lindenclinics.com\/ro\/wp-json\/wp\/v2\/types\/post"}],"author":[{"embeddable":true,"href":"https:\/\/lindenclinics.com\/ro\/wp-json\/wp\/v2\/users\/2"}],"replies":[{"embeddable":true,"href":"https:\/\/lindenclinics.com\/ro\/wp-json\/wp\/v2\/comments?post=28505"}],"version-history":[{"count":0,"href":"https:\/\/lindenclinics.com\/ro\/wp-json\/wp\/v2\/posts\/28505\/revisions"}],"wp:featuredmedia":[{"embeddable":true,"href":"https:\/\/lindenclinics.com\/ro\/wp-json\/wp\/v2\/media\/28495"}],"wp:attachment":[{"href":"https:\/\/lindenclinics.com\/ro\/wp-json\/wp\/v2\/media?parent=28505"}],"wp:term":[{"taxonomy":"category","embeddable":true,"href":"https:\/\/lindenclinics.com\/ro\/wp-json\/wp\/v2\/categories?post=28505"},{"taxonomy":"post_tag","embeddable":true,"href":"https:\/\/lindenclinics.com\/ro\/wp-json\/wp\/v2\/tags?post=28505"}],"curies":[{"name":"wp","href":"https:\/\/api.w.org\/{rel}","templated":true}]}}