{"id":26959,"date":"2024-09-09T21:08:49","date_gmt":"2024-09-09T18:08:49","guid":{"rendered":"https:\/\/lindenclinics.com\/otizmli-cocuklarin-annelerinin-yetersizlik-duygulari-ve-diger-cocuklara-adil-muamele-endisesi\/"},"modified":"2024-09-21T17:04:20","modified_gmt":"2024-09-21T14:04:20","slug":"otizmli-cocuklarin-annelerinin-yetersizlik-duygulari-ve-diger-cocuklara-adil-muamele-endisesi","status":"publish","type":"post","link":"https:\/\/lindenclinics.com\/tr\/otizmli-cocuklarin-annelerinin-yetersizlik-duygulari-ve-diger-cocuklara-adil-muamele-endisesi\/","title":{"rendered":"Otizmli \u00c7ocuklar\u0131n Annelerinin Yetersizlik Duygular\u0131 ve Di\u011fer \u00c7ocuklara Adil Muamele Endi\u015fesi"},"content":{"rendered":"\n<h3 class=\"wp-block-heading\">Giri\u015f<\/h3>\n\n<p><strong><a href=\"\/?page_id=14861\">Otizmli<\/a><\/strong> bir \u00e7ocu\u011fa sahip olmak, ebeveynler i\u00e7in \u00e7ok say\u0131da duygusal ve pratik zorluk ortaya \u00e7\u0131karabilir. Bu zorluklar aras\u0131nda en yayg\u0131n duygulardan biri yetersizliktir. Ebeveynler genellikle \u00e7ocuklar\u0131n\u0131n \u00f6zel ihtiya\u00e7lar\u0131 ile ilgilenirken yetersiz kald\u0131klar\u0131n\u0131 hissederler. Ayr\u0131ca, di\u011fer \u00e7ocuklar\u0131na adil davranma endi\u015fesi de yayg\u0131nd\u0131r. Bu makalede, bu duygular\u0131n k\u00f6kenlerini ke\u015ffedecek ve annelere bunlar\u0131 y\u00f6netmede destek olabilecek baz\u0131 stratejiler sunaca\u011f\u0131z.    <\/p>\n\n<h3 class=\"wp-block-heading\">Yetersizlik Duygular\u0131<\/h3>\n\n<p>Yetersizlik duygular\u0131 otizmli \u00e7ocuklar\u0131n anneleri aras\u0131nda yayg\u0131nd\u0131r. Bu duygular genellikle a\u015fa\u011f\u0131daki fakt\u00f6rlerden kaynaklan\u0131r: <\/p>\n\n<ul class=\"wp-block-list\">\n<li><strong>Toplumsal Beklentiler<\/strong>: Toplumun ebeveynlerden \u00e7ocuklar\u0131n\u0131 belirli standartlarda yeti\u015ftirmeleri y\u00f6n\u00fcndeki beklentileri yetersizlik hissi yaratabilir. Otizmli \u00e7ocuklar \u00f6zel destek ve e\u011fitim gerektirdi\u011finden, anneler bu standartlar\u0131 kar\u015f\u0131layamad\u0131klar\u0131n\u0131 d\u00fc\u015f\u00fcnebilirler. <\/li>\n\n\n\n<li><strong>Ki\u015fisel Beklentiler<\/strong>: Anneler genellikle kendileri i\u00e7in y\u00fcksek beklentilere sahiptir. \u00c7ocuklar\u0131n\u0131n ihtiya\u00e7lar\u0131n\u0131 yeterince kar\u015f\u0131layamad\u0131klar\u0131na inanmalar\u0131 yetersizlik duygular\u0131n\u0131 peki\u015ftirebilir. <\/li>\n\n\n\n<li><strong>Destek Eksikli\u011fi<\/strong>: Ebeveynler \u00e7evrelerinden yeterli deste\u011fi alamad\u0131klar\u0131nda, bu durum yaln\u0131zl\u0131k ve yetersizlik duygular\u0131n\u0131 art\u0131rabilir. Ba\u015fkalar\u0131n\u0131n anlay\u0131\u015f eksikli\u011fi duygusal y\u00fck\u00fc daha da art\u0131rabilir. <\/li>\n<\/ul>\n\n<h3 class=\"wp-block-heading\">Di\u011fer \u00c7ocuklara Adil Muamele Endi\u015fesi<\/h3>\n\n<p>Otizmli \u00e7ocuklar\u0131n anneleri genellikle di\u011fer \u00e7ocuklar\u0131na yeterince ilgi g\u00f6sterememekten endi\u015fe duyarlar. Bu endi\u015fenin temelinde: <\/p>\n\n<ul class=\"wp-block-list\">\n<li><strong>Zaman ve Enerji Tahsisi<\/strong>: Otizmli \u00e7ocuklar genellikle daha fazla zaman ve enerjiye ihtiya\u00e7 duyarlar. Bu durum, di\u011fer \u00e7ocuklarla yeterince vakit ge\u00e7irememe endi\u015fesine yol a\u00e7abilir. <\/li>\n\n\n\n<li><strong>Duygusal Y\u00fck<\/strong>: Otizmli bir \u00e7ocu\u011fa yo\u011fun duygusal destek sa\u011flamak, di\u011fer \u00e7ocuklara ayn\u0131 d\u00fczeyde duygusal destek sa\u011flayamama endi\u015fesine yol a\u00e7abilir.<\/li>\n\n\n\n<li><strong>Kar\u015f\u0131la\u015ft\u0131rma ve Adalet<\/strong>: Anneler, \u00e7ocuklar\u0131 aras\u0131nda adaleti sa\u011flama ve her birine uygun deste\u011fi sa\u011flama konusunda endi\u015felenebilir, bu da karma\u015f\u0131k ve zorlay\u0131c\u0131 olabilir.<\/li>\n<\/ul>\n\n<h3 class=\"wp-block-heading\">Destek ve Stratejiler<\/h3>\n\n<p>Bu endi\u015felerle ba\u015fa \u00e7\u0131kmak i\u00e7in \u00e7e\u015fitli stratejiler yard\u0131mc\u0131 olabilir:<\/p>\n\n<ul class=\"wp-block-list\">\n<li><strong>Kendinize Kar\u015f\u0131 Nazik Olun<\/strong>: Kendinizi yetersiz hissetti\u011finizde, bu duygular\u0131n ge\u00e7ici oldu\u011funu ve bir\u00e7ok ebeveynin benzer duygular ya\u015fad\u0131\u011f\u0131n\u0131 unutmay\u0131n. Kendinize kar\u015f\u0131 nazik olmak ve ba\u015far\u0131lar\u0131n\u0131z\u0131n fark\u0131na varmak \u00f6nemlidir. <\/li>\n\n\n\n<li>Destek <strong>Aray\u0131n<\/strong>: Destek gruplar\u0131 ve profesyonel dan\u0131\u015fmanl\u0131k hizmetleri duygusal y\u00fck\u00fcn\u00fcz\u00fc hafifletebilir ve deneyimlerinizi payla\u015fabilece\u011finiz bir alan sa\u011flayabilir.<\/li>\n\n\n\n<li><strong>Zaman Y\u00f6netimi<\/strong>: Di\u011fer \u00e7ocuklar\u0131n\u0131z i\u00e7in \u00f6zel zaman ay\u0131rmay\u0131 planlay\u0131n. K\u00fc\u00e7\u00fck, d\u00fczenli aktiviteler onlar\u0131n kendileriyle ilgilenildi\u011fini hissetmelerine yard\u0131mc\u0131 olabilir. <\/li>\n\n\n\n<li><strong>A\u00e7\u0131k \u0130leti\u015fim<\/strong>: Kar\u015f\u0131la\u015ft\u0131\u011f\u0131n\u0131z zorluklar ve ne t\u00fcr bir deste\u011fe ihtiya\u00e7 duydu\u011funuz konusunda di\u011fer \u00e7ocuklar\u0131n\u0131zla a\u00e7\u0131k bir \u015fekilde ileti\u015fim kurun. Bu, onlar\u0131n da s\u00fcrece dahil olduklar\u0131n\u0131 hissetmelerine yard\u0131mc\u0131 olabilir. <\/li>\n\n\n\n<li><strong>Ki\u015fisel Bak\u0131m<\/strong>: Kendi sa\u011fl\u0131\u011f\u0131n\u0131za ve esenli\u011finize \u00f6ncelik vermeniz hem sizin hem de \u00e7ocuklar\u0131n\u0131z\u0131n genel sa\u011fl\u0131\u011f\u0131 i\u00e7in \u00e7ok \u00f6nemlidir. Kendinize d\u00fczenli olarak zaman ay\u0131rmak enerjinizi yeniden \u015farj etmenize yard\u0131mc\u0131 olabilir. <\/li>\n<\/ul>\n\n<figure class=\"wp-block-image aligncenter size-large\"><img fetchpriority=\"high\" decoding=\"async\" width=\"576\" height=\"1024\" src=\"https:\/\/lindenclinics.com\/wp-content\/uploads\/2024\/09\/inadequacy-1-576x1024.webp\" alt=\"Yetersizlik\" class=\"wp-image-26513\" srcset=\"https:\/\/lindenclinics.com\/wp-content\/uploads\/2024\/09\/inadequacy-1-576x1024.webp 576w, https:\/\/lindenclinics.com\/wp-content\/uploads\/2024\/09\/inadequacy-1-169x300.webp 169w, https:\/\/lindenclinics.com\/wp-content\/uploads\/2024\/09\/inadequacy-1.webp 675w\" sizes=\"(max-width: 576px) 100vw, 576px\" \/><\/figure>\n\n<h3 class=\"wp-block-heading\">Sonu\u00e7<\/h3>\n\n<p>Otizmli bir \u00e7ocu\u011fa sahip olmak bir\u00e7ok zorlu\u011fu beraberinde getirir, ancak bu zorluklar\u0131n \u00fcstesinden gelmek m\u00fcmk\u00fcnd\u00fcr. Yetersizlik duygular\u0131 ve di\u011fer \u00e7ocuklara adil davranma konusundaki endi\u015feler yayg\u0131n ve anla\u015f\u0131labilirdir. Destek aramak, zaman y\u00f6netimini iyile\u015ftirmek ve \u00f6z bak\u0131ma \u00f6ncelik vermek, ebeveynlerin hem kendilerini hem de \u00e7ocuklar\u0131n\u0131 desteklemelerine yard\u0131mc\u0131 olabilir. Unutmay\u0131n, her ebeveynin yolculu\u011fu benzersizdir ve kendinize kar\u015f\u0131 nazik olman\u0131z bu s\u00fcre\u00e7te size yard\u0131mc\u0131 olacakt\u0131r.   <\/p>\n","protected":false},"excerpt":{"rendered":"<p>Giri\u015f Otizmli bir \u00e7ocu\u011fa sahip olmak, ebeveynler i\u00e7in \u00e7ok say\u0131da duygusal ve pratik zorluk ortaya \u00e7\u0131karabilir. Bu zorluklar aras\u0131nda en yayg\u0131n duygulardan biri yetersizliktir. Ebeveynler genellikle \u00e7ocuklar\u0131n\u0131n \u00f6zel ihtiya\u00e7lar\u0131 ile ilgilenirken yetersiz kald\u0131klar\u0131n\u0131 hissederler. Ayr\u0131ca, di\u011fer \u00e7ocuklar\u0131na adil davranma endi\u015fesi&#8230;<\/p>\n","protected":false},"author":2,"featured_media":25810,"comment_status":"open","ping_status":"open","sticky":false,"template":"","format":"standard","meta":{"footnotes":""},"categories":[73],"tags":[],"class_list":["post-26959","post","type-post","status-publish","format-standard","has-post-thumbnail","hentry","category-rejeneratif-tip-c"],"_links":{"self":[{"href":"https:\/\/lindenclinics.com\/tr\/wp-json\/wp\/v2\/posts\/26959","targetHints":{"allow":["GET"]}}],"collection":[{"href":"https:\/\/lindenclinics.com\/tr\/wp-json\/wp\/v2\/posts"}],"about":[{"href":"https:\/\/lindenclinics.com\/tr\/wp-json\/wp\/v2\/types\/post"}],"author":[{"embeddable":true,"href":"https:\/\/lindenclinics.com\/tr\/wp-json\/wp\/v2\/users\/2"}],"replies":[{"embeddable":true,"href":"https:\/\/lindenclinics.com\/tr\/wp-json\/wp\/v2\/comments?post=26959"}],"version-history":[{"count":0,"href":"https:\/\/lindenclinics.com\/tr\/wp-json\/wp\/v2\/posts\/26959\/revisions"}],"wp:featuredmedia":[{"embeddable":true,"href":"https:\/\/lindenclinics.com\/tr\/wp-json\/wp\/v2\/media\/25810"}],"wp:attachment":[{"href":"https:\/\/lindenclinics.com\/tr\/wp-json\/wp\/v2\/media?parent=26959"}],"wp:term":[{"taxonomy":"category","embeddable":true,"href":"https:\/\/lindenclinics.com\/tr\/wp-json\/wp\/v2\/categories?post=26959"},{"taxonomy":"post_tag","embeddable":true,"href":"https:\/\/lindenclinics.com\/tr\/wp-json\/wp\/v2\/tags?post=26959"}],"curies":[{"name":"wp","href":"https:\/\/api.w.org\/{rel}","templated":true}]}}